{"id":205851,"date":"2025-01-16T14:35:21","date_gmt":"2025-01-16T14:35:21","guid":{"rendered":"https:\/\/rnoticias.com.mx\/Portal\/?p=205851"},"modified":"2025-01-16T14:35:21","modified_gmt":"2025-01-16T14:35:21","slug":"no-puedo-hacer-un-dueto-con-natanael-sus-rangos-vocales-son-muy-ruines-julio-preciado","status":"publish","type":"post","link":"https:\/\/rnoticias.com.mx\/Portal\/2025\/01\/16\/no-puedo-hacer-un-dueto-con-natanael-sus-rangos-vocales-son-muy-ruines-julio-preciado\/","title":{"rendered":"No puedo hacer un dueto con Natanael, sus rangos vocales son muy ruines: Julio Preciado"},"content":{"rendered":"<p><strong>Julio Preciado<\/strong>, \u00edcono del regional mexicano,\u00a0<strong>se presentar\u00e1 en el Auditorio Telmex el pr\u00f3ximo 28 de febrero a las 21:00 horas<\/strong>\u00a0con su espect\u00e1culo &#8220;Una Leyenda&#8221;. Este evento marca un momento especial en su carrera, pues ser\u00e1 la primera vez que se presente en solitario en este recinto.<\/p>\n<p>En rueda de prensa, el cantante comparti\u00f3 detalles de esta presentaci\u00f3n, que promete ser memorable. Preciado destac\u00f3 que el concierto contar\u00e1 con la participaci\u00f3n especial del Mariachi Nuevo Tecalitl\u00e1n, con quienes fusionar\u00e1 la m\u00fasica de banda y mariachi.<\/p>\n<p>&#8220;Por primera vez me presentar\u00e9 en solitario aqu\u00ed al Auditorio Telmex\u00a0[&#8230;] Vamos a hacer algo muy padre cantando canciones que grab\u00e9 con banda y que ahora har\u00e9 con mariachi.\u00a0Interpretar\u00e9 un popurr\u00ed de Jos\u00e9 Alfredo Jim\u00e9nez para darle a la gente un plus, que no vengan solo a escuchar a Julio Preciado&#8221;.<\/p>\n<p>El artista explic\u00f3 que decidi\u00f3 no invitar a amigos del gremio musical, algo que fue frecuente en sus presentaciones durante 2024. En cambio, quiso ofrecer un espect\u00e1culo diferente: &#8220;No me hubiera costado nada invitar a mi amigo &#8216;El Flaco&#8217;, &#8216;El Mimoso&#8217; o cualquiera de ellos, pero quer\u00eda fusionar algo aqu\u00ed en Guadalajara, y creo que lo vamos a lograr con los invitados especiales&#8221;.<\/p>\n<p><strong>Adem\u00e1s del concierto, Julio Preciado adelant\u00f3 que este a\u00f1o planea relanzar su cat\u00e1logo musical y publicar temas in\u00e9ditos<\/strong>.<\/p>\n<p>&#8220;Estamos planeando algo. Tengo muchos temas en mi estudio que no han salido por la forma en que la gente consume m\u00fasica hoy en d\u00eda. Antes se escuchaba el disco completo; ahora las compa\u00f1\u00edas apuestan por canci\u00f3n por canci\u00f3n, lo que hace m\u00e1s complicado sacar un \u00e1lbum completo&#8221;.<\/p>\n<p>Este 2025, Preciado celebrar\u00e1 37 a\u00f1os de trayectoria art\u00edstica, un camino que lo ha consolidado como una figura fundamental del regional mexicano. Haciendo un repaso de su carrera, record\u00f3 los retos que enfrent\u00f3 al ser uno de los pioneros en el g\u00e9nero de banda: &#8220;No digo que fui el primero, porque ya hab\u00eda agrupaciones, pero la voz de Julio Preciado como tal impact\u00f3 desde mi paso por Banda El Lim\u00f3n y m\u00e1s tarde con Banda El Recodo&#8221;.<\/p>\n<p>Tambi\u00e9n rememor\u00f3 los momentos inolvidables vividos en Guadalajara, ciudad que siempre le ha brindado un c\u00e1lido recibimiento. &#8220;Creo que no hay otro escenario m\u00e1s grande para m\u00ed que el R\u00edo Nilo. Guadalajara siempre me trata bien; el a\u00f1o pasado me present\u00e9 en Santa Mar\u00eda Tequepexpan y estuvo lleno, adem\u00e1s de un lunes en las Fiestas de Octubre, donde nos fue s\u00faper bien&#8221;.<\/p>\n<h2>Opiniones sobre los nuevos artistas<\/h2>\n<p>Al hablar sobre la nueva generaci\u00f3n de artistas del regional mexicano, Preciado expres\u00f3 su respeto, aunque dej\u00f3 claro que su preferencia se inclina hacia la vieja escuela.<\/p>\n<p>&#8220;No tengo nada en contra de nadie, no me gusta lo que hacen, se los digo honestamente, pero yo no tengo nada en contra. Yo creo que el gusto se rompe en g\u00e9neros, pero a m\u00ed lo personal no me gusta, no hablo de la m\u00fasica, si no de las letras y de esa manera de cantar, entre comillas; a m\u00ed en lo personal no me aporta nada, con el debido respeto yo me quedo con la vieja escuela. Nuestras voces son naturales, no est\u00e1n arregladas en estudios de grabaci\u00f3n&#8221;<\/p>\n<p><strong>En cuanto a la posibilidad de colaborar con artistas como Natanael Cano, el cantante fue contundente<\/strong>:\u00a0&#8220;No puedo hacer un dueto con Natanael Cano porque sus rangos vocales son muy ruines.\u00a0Adem\u00e1s, nosotros and\u00e1bamos en nuestras fiestas, pero est\u00e1bamos conscientes; ellos no se suben conscientes al escenario&#8221;. Sin embargo, dej\u00f3 abierta la puerta a valorar propuestas futuras.<\/p>\n","protected":false},"excerpt":{"rendered":"<p>Julio Preciado, \u00edcono del regional mexicano,\u00a0se presentar\u00e1 en el Auditorio Telmex el pr\u00f3ximo 28 de febrero a las 21:00 horas\u00a0con su espect\u00e1culo &#8220;Una Leyenda&#8221;. Este evento marca un momento especial en su carrera, pues ser\u00e1 la primera vez que se presente en solitario en este recinto. En rueda de prensa, el cantante comparti\u00f3 detalles de [&hellip;]<\/p>\n","protected":false},"author":2,"featured_media":205852,"comment_status":"closed","ping_status":"closed","sticky":false,"template":"","format":"standard","meta":{"footnotes":""},"categories":[12870,219],"tags":[12865,12875],"class_list":["post-205851","post","type-post","status-publish","format-standard","has-post-thumbnail","hentry","category-destacadas","category-espectaculos","tag-destacadas","tag-espectaculos"],"jetpack_featured_media_url":"https:\/\/rnoticias.com.mx\/Portal\/wp-content\/uploads\/2025\/01\/WhatsApp-Image-2025-01-15-at-8.53.59-PM.jpeg","amp_enabled":true,"_links":{"self":[{"href":"https:\/\/rnoticias.com.mx\/Portal\/wp-json\/wp\/v2\/posts\/205851","targetHints":{"allow":["GET"]}}],"collection":[{"href":"https:\/\/rnoticias.com.mx\/Portal\/wp-json\/wp\/v2\/posts"}],"about":[{"href":"https:\/\/rnoticias.com.mx\/Portal\/wp-json\/wp\/v2\/types\/post"}],"author":[{"embeddable":true,"href":"https:\/\/rnoticias.com.mx\/Portal\/wp-json\/wp\/v2\/users\/2"}],"replies":[{"embeddable":true,"href":"https:\/\/rnoticias.com.mx\/Portal\/wp-json\/wp\/v2\/comments?post=205851"}],"version-history":[{"count":1,"href":"https:\/\/rnoticias.com.mx\/Portal\/wp-json\/wp\/v2\/posts\/205851\/revisions"}],"predecessor-version":[{"id":205853,"href":"https:\/\/rnoticias.com.mx\/Portal\/wp-json\/wp\/v2\/posts\/205851\/revisions\/205853"}],"wp:featuredmedia":[{"embeddable":true,"href":"https:\/\/rnoticias.com.mx\/Portal\/wp-json\/wp\/v2\/media\/205852"}],"wp:attachment":[{"href":"https:\/\/rnoticias.com.mx\/Portal\/wp-json\/wp\/v2\/media?parent=205851"}],"wp:term":[{"taxonomy":"category","embeddable":true,"href":"https:\/\/rnoticias.com.mx\/Portal\/wp-json\/wp\/v2\/categories?post=205851"},{"taxonomy":"post_tag","embeddable":true,"href":"https:\/\/rnoticias.com.mx\/Portal\/wp-json\/wp\/v2\/tags?post=205851"}],"curies":[{"name":"wp","href":"https:\/\/api.w.org\/{rel}","templated":true}]}}