{"id":205668,"date":"2025-01-14T15:19:34","date_gmt":"2025-01-14T15:19:34","guid":{"rendered":"https:\/\/rnoticias.com.mx\/Portal\/?p=205668"},"modified":"2025-01-14T15:19:34","modified_gmt":"2025-01-14T15:19:34","slug":"yo-no-tengo-nada-que-ocultar-anahi","status":"publish","type":"post","link":"https:\/\/rnoticias.com.mx\/Portal\/2025\/01\/14\/yo-no-tengo-nada-que-ocultar-anahi\/","title":{"rendered":"Yo no tengo nada qu\u00e9 ocultar: Anah\u00ed"},"content":{"rendered":"<p>Ciudad de M\u00e9xico.- Anah\u00ed est\u00e1 dolida, pero es firme en su postura.<\/p>\n<p>Afirma que la acusaci\u00f3n en su contra de Televisa-Univision es falsa, que no tiene ning\u00fan sustento y llevar\u00e1 el caso hasta las \u00faltimas consecuencias para defender su nombre y trayectoria.<\/p>\n<p>&#8220;Mi equipo jur\u00eddico est\u00e1 analizando el caso para el tema de defender mi nombre, mi reputaci\u00f3n, que est\u00e1n siendo afectadas.<\/p>\n<p>&#8220;La afectada aqu\u00ed soy yo, por supuesto, detr\u00e1s m\u00edo tambi\u00e9n tengo un muy buen equipo de abogados tanto en M\u00e9xico como en Estados Unidos y ellos est\u00e1n analizando la situaci\u00f3n para las demandas a las que se tenga que proceder&#8221;, se\u00f1ala en entrevista.<\/p>\n<p>Categ\u00f3ricamente niega el presunto enga\u00f1o que le atribuyen en \u00bfQui\u00e9n Es la M\u00e1scara?<\/p>\n<p>&#8220;Despierto con esta terrible y absolutamente falsa acusaci\u00f3n que parece totalmente fuera de lugar. Me lastima como mujer, como artista.<\/p>\n<p>&#8220;Soy una mujer que lleva 40 a\u00f1os de trayectoria, en mayo cumplo 42 de vida, entonces, la verdad, esto s\u00ed viene a ser algo muy triste para m\u00ed. Yo jam\u00e1s me he prestado a un arreglo que vaya en contra de mis principios. Soy una mujer de una sola pieza: mi vida, mi carrera y mi trabajo han sido transparentes&#8221;, asevera.<\/p>\n<p>&#8220;Me da mucha tristeza, pero lo que a m\u00ed me gustar\u00eda dejar en claro es que yo no tengo nada qu\u00e9 ocultar. Yo aqu\u00ed estoy, como siempre y como he estado toda la vida, para dar la cara y ser esta que todos conocen desde que era una beb\u00e9.<\/p>\n<p>&#8220;Sobre todo, por mis fans y la gente que me ha seguido toda la vida, quiero que sepan que aqu\u00ed estoy y que yo me debo a ellos y al cari\u00f1o que me han dado&#8221;, destac\u00f3 la protagonista de la telenovela RBD.<\/p>\n<p>Sin tener muy claros los puntos de la querella de la televisora contra ella, Anah\u00ed precisa que despu\u00e9s de 15 a\u00f1os de ausencia en esa pantalla decidi\u00f3 regresar por petici\u00f3n de &#8220;un alto mando de la empresa&#8221;.<\/p>\n<p>Aclara que escuch\u00f3 la propuesta y la acept\u00f3 emocionada sin pedir ninguna condici\u00f3n ni fijar un salario determinado.<\/p>\n<p>&#8220;Cuando me proponen, lo que m\u00e1s gan\u00f3 en mi coraz\u00f3n fue justo eso, el volver a donde todo inici\u00f3, el volver a donde yo a los 2 a\u00f1os comenc\u00e9 una carrera, donde yo pis\u00e9 un foro por primera vez en mi vida. Me jal\u00f3 mucho una emoci\u00f3n de poder compartirlo y platicarlo con mis hijos&#8221;.<\/p>\n<p>Reitera que ella siempre estuvo en el reality con la mejor intenci\u00f3n, la mejor energ\u00eda y trabajando en conjunto con el productor Miguel \u00c1ngel Fox y su equipo para el \u00e9xito del show.<\/p>\n<p>De Danna V\u00e1zquez, su publirrelacionista en este programa, y a quien en su denuncia Televisa-Univision se\u00f1ala de la responsable de la filtraci\u00f3n de nombres de los artistas, aclara que s\u00f3lo la ayuda en algunas cosas relativas a medios.<\/p>\n<p>&#8220;Mi contrato yo lo cerr\u00e9 directamente con Televisa. Siempre me pasa que alguien sale a decir que es mi representante, y yo no tengo representante&#8221;, subraya.<\/p>\n","protected":false},"excerpt":{"rendered":"<p>Ciudad de M\u00e9xico.- Anah\u00ed est\u00e1 dolida, pero es firme en su postura. Afirma que la acusaci\u00f3n en su contra de Televisa-Univision es falsa, que no tiene ning\u00fan sustento y llevar\u00e1 el caso hasta las \u00faltimas consecuencias para defender su nombre y trayectoria. &#8220;Mi equipo jur\u00eddico est\u00e1 analizando el caso para el tema de defender mi [&hellip;]<\/p>\n","protected":false},"author":2,"featured_media":205669,"comment_status":"closed","ping_status":"closed","sticky":false,"template":"","format":"standard","meta":{"footnotes":""},"categories":[219],"tags":[],"class_list":["post-205668","post","type-post","status-publish","format-standard","has-post-thumbnail","hentry","category-espectaculos"],"jetpack_featured_media_url":"https:\/\/rnoticias.com.mx\/Portal\/wp-content\/uploads\/2025\/01\/f776x436-627647_675998_4731.webp","amp_enabled":true,"_links":{"self":[{"href":"https:\/\/rnoticias.com.mx\/Portal\/wp-json\/wp\/v2\/posts\/205668","targetHints":{"allow":["GET"]}}],"collection":[{"href":"https:\/\/rnoticias.com.mx\/Portal\/wp-json\/wp\/v2\/posts"}],"about":[{"href":"https:\/\/rnoticias.com.mx\/Portal\/wp-json\/wp\/v2\/types\/post"}],"author":[{"embeddable":true,"href":"https:\/\/rnoticias.com.mx\/Portal\/wp-json\/wp\/v2\/users\/2"}],"replies":[{"embeddable":true,"href":"https:\/\/rnoticias.com.mx\/Portal\/wp-json\/wp\/v2\/comments?post=205668"}],"version-history":[{"count":1,"href":"https:\/\/rnoticias.com.mx\/Portal\/wp-json\/wp\/v2\/posts\/205668\/revisions"}],"predecessor-version":[{"id":205670,"href":"https:\/\/rnoticias.com.mx\/Portal\/wp-json\/wp\/v2\/posts\/205668\/revisions\/205670"}],"wp:featuredmedia":[{"embeddable":true,"href":"https:\/\/rnoticias.com.mx\/Portal\/wp-json\/wp\/v2\/media\/205669"}],"wp:attachment":[{"href":"https:\/\/rnoticias.com.mx\/Portal\/wp-json\/wp\/v2\/media?parent=205668"}],"wp:term":[{"taxonomy":"category","embeddable":true,"href":"https:\/\/rnoticias.com.mx\/Portal\/wp-json\/wp\/v2\/categories?post=205668"},{"taxonomy":"post_tag","embeddable":true,"href":"https:\/\/rnoticias.com.mx\/Portal\/wp-json\/wp\/v2\/tags?post=205668"}],"curies":[{"name":"wp","href":"https:\/\/api.w.org\/{rel}","templated":true}]}}