{"id":205665,"date":"2025-01-14T15:18:04","date_gmt":"2025-01-14T15:18:04","guid":{"rendered":"https:\/\/rnoticias.com.mx\/Portal\/?p=205665"},"modified":"2025-01-14T15:18:04","modified_gmt":"2025-01-14T15:18:04","slug":"denuncia-televisa-a-anahi-por-hacer-trampa-en-programa","status":"publish","type":"post","link":"https:\/\/rnoticias.com.mx\/Portal\/2025\/01\/14\/denuncia-televisa-a-anahi-por-hacer-trampa-en-programa\/","title":{"rendered":"Denuncia Televisa a Anah\u00ed por hacer trampa en programa"},"content":{"rendered":"<p>Ciudad de M\u00e9xico.- Mediante una querella en Estados Unidos, la televisora de San \u00c1ngel acusa a Anah\u00ed de hacer trampa en la m\u00e1s reciente temporada del reality \u00bfQui\u00e9n es la M\u00e1scara?<\/p>\n<p>Despu\u00e9s de una investigaci\u00f3n interna, Televisa descubri\u00f3 que la cantante obtuvo, a trav\u00e9s de su representante (Danna V\u00e1zquez), la identidad de los competidores, por lo que le atin\u00f3 a siete (el m\u00e1ximo nunca antes logrado, ni en la franquicia estadounidense).<\/p>\n<p>La cantante, quien recibi\u00f3 como pago por cada programa 40 mil d\u00f3lares (aproximadamente 829 mil pesos), podr\u00eda enfrentar cargos por violar acuerdos de confidencialidad y derechos de propiedad intelectual.<\/p>\n<p>La filtraci\u00f3n, hasta ahora, seg\u00fan la informaci\u00f3n obtenida por Gente, apunta a un miembro del equipo de la producci\u00f3n encabezado por Miguel Angel Fox, quien tiene amistad de larga data con la representante de Anah\u00ed.<\/p>\n<p>Revisando evidencia en programas, se puede establecer c\u00f3mo la cantante, en algunos casos, solt\u00f3 los nombres de algunos participantes sin aparente pista s\u00f3lida entre las opiniones de los dem\u00e1s adivinadores.<\/p>\n<p>Gente solicit\u00f3 la opini\u00f3n de la televisora de la que Anah\u00ed fue muchos a\u00f1os artista exclusiva. &#8220;Grupo Televisa no da postura de ninguna investigaci\u00f3n en curso&#8221;, respondi\u00f3.<\/p>\n<p>Por su parte, Danna V\u00e1zquez, representante de Anah\u00ed, dijo que en el transcurso del d\u00eda la artista fijar\u00eda su postura al respecto.<\/p>\n<p>&nbsp;<\/p>\n","protected":false},"excerpt":{"rendered":"<p>Ciudad de M\u00e9xico.- Mediante una querella en Estados Unidos, la televisora de San \u00c1ngel acusa a Anah\u00ed de hacer trampa en la m\u00e1s reciente temporada del reality \u00bfQui\u00e9n es la M\u00e1scara? Despu\u00e9s de una investigaci\u00f3n interna, Televisa descubri\u00f3 que la cantante obtuvo, a trav\u00e9s de su representante (Danna V\u00e1zquez), la identidad de los competidores, por [&hellip;]<\/p>\n","protected":false},"author":2,"featured_media":205666,"comment_status":"closed","ping_status":"closed","sticky":false,"template":"","format":"standard","meta":{"footnotes":""},"categories":[219],"tags":[],"class_list":["post-205665","post","type-post","status-publish","format-standard","has-post-thumbnail","hentry","category-espectaculos"],"jetpack_featured_media_url":"https:\/\/rnoticias.com.mx\/Portal\/wp-content\/uploads\/2025\/01\/anahi-1.jpg","amp_enabled":true,"_links":{"self":[{"href":"https:\/\/rnoticias.com.mx\/Portal\/wp-json\/wp\/v2\/posts\/205665","targetHints":{"allow":["GET"]}}],"collection":[{"href":"https:\/\/rnoticias.com.mx\/Portal\/wp-json\/wp\/v2\/posts"}],"about":[{"href":"https:\/\/rnoticias.com.mx\/Portal\/wp-json\/wp\/v2\/types\/post"}],"author":[{"embeddable":true,"href":"https:\/\/rnoticias.com.mx\/Portal\/wp-json\/wp\/v2\/users\/2"}],"replies":[{"embeddable":true,"href":"https:\/\/rnoticias.com.mx\/Portal\/wp-json\/wp\/v2\/comments?post=205665"}],"version-history":[{"count":1,"href":"https:\/\/rnoticias.com.mx\/Portal\/wp-json\/wp\/v2\/posts\/205665\/revisions"}],"predecessor-version":[{"id":205667,"href":"https:\/\/rnoticias.com.mx\/Portal\/wp-json\/wp\/v2\/posts\/205665\/revisions\/205667"}],"wp:featuredmedia":[{"embeddable":true,"href":"https:\/\/rnoticias.com.mx\/Portal\/wp-json\/wp\/v2\/media\/205666"}],"wp:attachment":[{"href":"https:\/\/rnoticias.com.mx\/Portal\/wp-json\/wp\/v2\/media?parent=205665"}],"wp:term":[{"taxonomy":"category","embeddable":true,"href":"https:\/\/rnoticias.com.mx\/Portal\/wp-json\/wp\/v2\/categories?post=205665"},{"taxonomy":"post_tag","embeddable":true,"href":"https:\/\/rnoticias.com.mx\/Portal\/wp-json\/wp\/v2\/tags?post=205665"}],"curies":[{"name":"wp","href":"https:\/\/api.w.org\/{rel}","templated":true}]}}