{"id":205625,"date":"2025-01-14T14:28:34","date_gmt":"2025-01-14T14:28:34","guid":{"rendered":"https:\/\/rnoticias.com.mx\/Portal\/?p=205625"},"modified":"2025-01-14T14:28:34","modified_gmt":"2025-01-14T14:28:34","slug":"corea-del-norte-presiona-a-sus-soldados-a-quitarse-la-vida-antes-de-ser-capturados","status":"publish","type":"post","link":"https:\/\/rnoticias.com.mx\/Portal\/2025\/01\/14\/corea-del-norte-presiona-a-sus-soldados-a-quitarse-la-vida-antes-de-ser-capturados\/","title":{"rendered":"Corea del Norte presiona a sus soldados a quitarse la vida antes de ser capturados"},"content":{"rendered":"<p>Seg\u00fan el servicio de inteligencia surcoreano,\u00a0<strong>Corea del Norte<\/strong>\u00a0estar\u00eda presionando a sus soldados desplegados en la guerra entre<strong>\u00a0Rusia y Ucrania<\/strong>\u00a0para que se suiciden antes que ser capturados por el enemigo. Adem\u00e1s, el informe se\u00f1ala que al menos\u00a0<strong>300\u00a0<\/strong>efectivos norcoreanos han perdido la vida en el conflicto.<\/p>\n<p>Esta informaci\u00f3n fue revelada por el servicio nacional de inteligencia de\u00a0<strong>Corea del Sur<\/strong>\u00a0despu\u00e9s de que el presidente ucraniano,\u00a0<strong>Volod\u00edmir Zelenski<\/strong>, informara durante el fin de semana sobre la captura de los dos primeros soldados norcoreanos en combate.<\/p>\n<p>El NIS indic\u00f3 que el contingente norcoreano est\u00e1 sufriendo\u00a0<strong>&#8220;bajas masivas&#8221;<\/strong>\u00a0debido a su\u00a0<strong>&#8220;falta de entendimiento de la guerra moderna&#8221;<\/strong>, durante una comparecencia a puerta cerrada con parlamentarios surcoreanos y divulgada a los medios por el diputado del partido gobernante\u00a0<strong>Lee Seong-kweun<\/strong>.<\/p>\n<p>Mientras que el NIS report\u00f3 que al menos\u00a0<strong>300 soldados norcoreanos han muerto en el conflicto,\u00a0Zelenski\u00a0mencion\u00f3 la semana pasada que la cifra de bajas asciende a\u00a0cuator\u00a0mil\u00a0en\u00a0Kursk<\/strong>, una regi\u00f3n rusa donde, seg\u00fan Kiev, han sido enviados\u00a0<strong>11 mil\u00a0efectivos de Corea del Norte\u00a0<\/strong>para apoyar a las tropas rusas.<\/p>\n<p>Estados Unidos, por su parte, calcul\u00f3 en unas mil\u00a0las bajas norcoreanas en Kursk a finales del pasado mes.<\/p>\n<p>Los servicios de espionaje surcoreanos destacaron que Pionyang ejerce presi\u00f3n por diferentes medios sobre sus soldados para que se quiten la vida para evitar ser capturados, y se\u00f1alaron que los norcoreanos desplegados en el frente muestran su falta de preparaci\u00f3n para conflictos modernos con actos<strong>\u00a0&#8220;in\u00fatiles&#8221;<\/strong>\u00a0como abrir fuego contra drones de largo alcance.<\/p>\n<p>Tras el anuncio sobre la captura de los soldados norcoreanos, Zelenski ofreci\u00f3 en la v\u00edspera a Pionyang devolver a los dos militares bajo custodia de Ucrania, a cambio de que\u00a0<strong>Kim Jong-un<\/strong>\u00a0organice con\u00a0<strong>Mosc\u00fa\u00a0<\/strong>la repatriaci\u00f3n de ucranianos capturados por tropas rusas.<\/p>\n<p>Adem\u00e1s de este mensaje,\u00a0<strong>el mandatario public\u00f3 un v\u00eddeo en su perfil oficial de X en el que aparecen los dos soldados norcoreanos capturados y aparentemente heridos siendo interrogados a trav\u00e9s de un int\u00e9rprete.<\/strong><\/p>\n<p>Uno de los soldados afirma que no sab\u00eda que iba a participar en un conflicto real y muestra su deseo de permanecer en Ucrania, mientras que el otro responde de forma afirmativa al ser preguntado si desea volver a Corea del Norte, aunque indica que su familia no tiene conocimiento de su paradero actual.<\/p>\n<p>Seg\u00fan el an\u00e1lisis del NIS, los dos soldados formaban parte de la Oficina General de Reconocimiento del Norte, una agencia clave de inteligencia militar del r\u00e9gimen.<\/p>\n","protected":false},"excerpt":{"rendered":"<p>Seg\u00fan el servicio de inteligencia surcoreano,\u00a0Corea del Norte\u00a0estar\u00eda presionando a sus soldados desplegados en la guerra entre\u00a0Rusia y Ucrania\u00a0para que se suiciden antes que ser capturados por el enemigo. Adem\u00e1s, el informe se\u00f1ala que al menos\u00a0300\u00a0efectivos norcoreanos han perdido la vida en el conflicto. Esta informaci\u00f3n fue revelada por el servicio nacional de inteligencia de\u00a0Corea [&hellip;]<\/p>\n","protected":false},"author":2,"featured_media":205626,"comment_status":"closed","ping_status":"closed","sticky":false,"template":"","format":"standard","meta":{"footnotes":""},"categories":[182],"tags":[],"class_list":["post-205625","post","type-post","status-publish","format-standard","has-post-thumbnail","hentry","category-internacional"],"jetpack_featured_media_url":"https:\/\/rnoticias.com.mx\/Portal\/wp-content\/uploads\/2025\/01\/5000.webp","amp_enabled":true,"_links":{"self":[{"href":"https:\/\/rnoticias.com.mx\/Portal\/wp-json\/wp\/v2\/posts\/205625","targetHints":{"allow":["GET"]}}],"collection":[{"href":"https:\/\/rnoticias.com.mx\/Portal\/wp-json\/wp\/v2\/posts"}],"about":[{"href":"https:\/\/rnoticias.com.mx\/Portal\/wp-json\/wp\/v2\/types\/post"}],"author":[{"embeddable":true,"href":"https:\/\/rnoticias.com.mx\/Portal\/wp-json\/wp\/v2\/users\/2"}],"replies":[{"embeddable":true,"href":"https:\/\/rnoticias.com.mx\/Portal\/wp-json\/wp\/v2\/comments?post=205625"}],"version-history":[{"count":1,"href":"https:\/\/rnoticias.com.mx\/Portal\/wp-json\/wp\/v2\/posts\/205625\/revisions"}],"predecessor-version":[{"id":205627,"href":"https:\/\/rnoticias.com.mx\/Portal\/wp-json\/wp\/v2\/posts\/205625\/revisions\/205627"}],"wp:featuredmedia":[{"embeddable":true,"href":"https:\/\/rnoticias.com.mx\/Portal\/wp-json\/wp\/v2\/media\/205626"}],"wp:attachment":[{"href":"https:\/\/rnoticias.com.mx\/Portal\/wp-json\/wp\/v2\/media?parent=205625"}],"wp:term":[{"taxonomy":"category","embeddable":true,"href":"https:\/\/rnoticias.com.mx\/Portal\/wp-json\/wp\/v2\/categories?post=205625"},{"taxonomy":"post_tag","embeddable":true,"href":"https:\/\/rnoticias.com.mx\/Portal\/wp-json\/wp\/v2\/tags?post=205625"}],"curies":[{"name":"wp","href":"https:\/\/api.w.org\/{rel}","templated":true}]}}