{"id":205529,"date":"2025-01-13T14:47:28","date_gmt":"2025-01-13T14:47:28","guid":{"rendered":"https:\/\/rnoticias.com.mx\/Portal\/?p=205529"},"modified":"2025-01-13T14:47:28","modified_gmt":"2025-01-13T14:47:28","slug":"exhorta-ccps-a-sonorenses-a-cumplir-con-su-declaracion-anual","status":"publish","type":"post","link":"https:\/\/rnoticias.com.mx\/Portal\/2025\/01\/13\/exhorta-ccps-a-sonorenses-a-cumplir-con-su-declaracion-anual\/","title":{"rendered":"Exhorta CCPS a sonorenses a cumplir con su declaraci\u00f3n anual"},"content":{"rendered":"\n<p><\/p>\n\n\n\n<p>Hermosillo, Sonora.- El presidente del Colegio de Contadores P\u00fablicos de Sonora (CCPS), Tom\u00e1s Garc\u00eda Ibarra, hizo un llamado a los contadores y a las empresas de la regi\u00f3n para prever y cumplir en tiempo con sus obligaciones fiscales, en particular la \u201cdeclaraci\u00f3n anual 2024\u201d. Las personas morales tendr\u00e1n del 1 de enero al 31 de marzo de 2025 para presentarla.<\/p>\n\n\n\n<p>El l\u00edder del gremio destac\u00f3 que las personas morales sin fines de lucro cuentan con una fecha l\u00edmite diferente, teniendo hasta el 15 de febrero de 2025 para presentar su declaraci\u00f3n del ejercicio. Adem\u00e1s, se\u00f1al\u00f3 que desde 2024, la autoridad tributaria implement\u00f3 actualizaciones y mejoras en la presentaci\u00f3n de esta obligaci\u00f3n fiscal, permitiendo la precarga de informaci\u00f3n relevante como:<\/p>\n\n\n\n<p>\u2022 Pagos provisionales presentados y pagados durante el ejercicio.<br>\u2022 PTU pagada en el ejercicio.<br>\u2022 Retenciones efectivamente pagadas, incluyendo ISR sueldos y salarios, ISR asimilados a salarios, ISR arrendamiento e ISR RESICO.<br>\u2022 Remanente de declaraciones de ejercicios anteriores, como p\u00e9rdidas fiscales, pagos al extranjero, dividendos y subsidio para el empleo.<br>\u2022 CFDI emitidos por concepto de descuentos, devoluciones y bonificaciones.<\/p>\n\n\n\n<p>\u201cCumplir con los plazos establecidos por la autoridad es fundamental para evitar recargos y sanciones. Se debe tener en cuenta que, si se desea realizar modificaci\u00f3n a los ingresos o cualquier otro campo prellenado, como deducci\u00f3n por salarios, pagos provisionales, etc., se deben presentar declaraciones complementarias, por lo que se recomienda trabajar en la revisi\u00f3n de la informaci\u00f3n ya que, en promedio, se ver\u00e1n reflejadas 48 horas despu\u00e9s de presentadas\u201d puntualiz\u00f3 Tom\u00e1s Garc\u00eda Ibarra.<\/p>\n\n\n\n<p>Finalmente, el presidente del CCPS record\u00f3 que, tambi\u00e9n existen sanciones por no declarar todas las obligaciones fiscales, no presentar el aviso de compensaciones o incumplir con la entrega de declaraciones digitales. Por ello, invit\u00f3 a los sonorenses obligados a cumplir con esta importante responsabilidad en tiempo y forma.<\/p>\n","protected":false},"excerpt":{"rendered":"<p>Hermosillo, Sonora.- El presidente del Colegio de Contadores P\u00fablicos de Sonora (CCPS), Tom\u00e1s Garc\u00eda Ibarra, hizo un llamado a los contadores y a las empresas de la regi\u00f3n para prever y cumplir en tiempo con sus obligaciones fiscales, en particular la \u201cdeclaraci\u00f3n anual 2024\u201d. Las personas morales tendr\u00e1n del 1 de enero al 31 de [&hellip;]<\/p>\n","protected":false},"author":2,"featured_media":205530,"comment_status":"closed","ping_status":"closed","sticky":false,"template":"","format":"standard","meta":{"footnotes":""},"categories":[178],"tags":[],"class_list":["post-205529","post","type-post","status-publish","format-standard","has-post-thumbnail","hentry","category-local"],"jetpack_featured_media_url":"https:\/\/rnoticias.com.mx\/Portal\/wp-content\/uploads\/2025\/01\/8dca7dc4-1ac2-4521-8502-74f2bd49974a.jpg","amp_enabled":true,"_links":{"self":[{"href":"https:\/\/rnoticias.com.mx\/Portal\/wp-json\/wp\/v2\/posts\/205529","targetHints":{"allow":["GET"]}}],"collection":[{"href":"https:\/\/rnoticias.com.mx\/Portal\/wp-json\/wp\/v2\/posts"}],"about":[{"href":"https:\/\/rnoticias.com.mx\/Portal\/wp-json\/wp\/v2\/types\/post"}],"author":[{"embeddable":true,"href":"https:\/\/rnoticias.com.mx\/Portal\/wp-json\/wp\/v2\/users\/2"}],"replies":[{"embeddable":true,"href":"https:\/\/rnoticias.com.mx\/Portal\/wp-json\/wp\/v2\/comments?post=205529"}],"version-history":[{"count":1,"href":"https:\/\/rnoticias.com.mx\/Portal\/wp-json\/wp\/v2\/posts\/205529\/revisions"}],"predecessor-version":[{"id":205531,"href":"https:\/\/rnoticias.com.mx\/Portal\/wp-json\/wp\/v2\/posts\/205529\/revisions\/205531"}],"wp:featuredmedia":[{"embeddable":true,"href":"https:\/\/rnoticias.com.mx\/Portal\/wp-json\/wp\/v2\/media\/205530"}],"wp:attachment":[{"href":"https:\/\/rnoticias.com.mx\/Portal\/wp-json\/wp\/v2\/media?parent=205529"}],"wp:term":[{"taxonomy":"category","embeddable":true,"href":"https:\/\/rnoticias.com.mx\/Portal\/wp-json\/wp\/v2\/categories?post=205529"},{"taxonomy":"post_tag","embeddable":true,"href":"https:\/\/rnoticias.com.mx\/Portal\/wp-json\/wp\/v2\/tags?post=205529"}],"curies":[{"name":"wp","href":"https:\/\/api.w.org\/{rel}","templated":true}]}}