{"id":205526,"date":"2025-01-13T14:45:35","date_gmt":"2025-01-13T14:45:35","guid":{"rendered":"https:\/\/rnoticias.com.mx\/Portal\/?p=205526"},"modified":"2025-01-13T14:45:38","modified_gmt":"2025-01-13T14:45:38","slug":"imputan-a-dos-sujetos-por-tentativa-de-homicidio-en-agravio-de-policias-en-hermosillo","status":"publish","type":"post","link":"https:\/\/rnoticias.com.mx\/Portal\/2025\/01\/13\/imputan-a-dos-sujetos-por-tentativa-de-homicidio-en-agravio-de-policias-en-hermosillo\/","title":{"rendered":"Imputan a dos sujetos por tentativa de homicidio en agravio de polic\u00edas en Hermosillo"},"content":{"rendered":"\n<p><\/p>\n\n\n\n<p>Hermosillo, Sonora, 13 de enero de 2025.- La Fiscal\u00eda General de Justicia del Estado de Sonora (FGJES) obtuvo la imputaci\u00f3n contra Daniel Alexis \u201cN\u201d y \u00c1lvaro \u201cN\u201d, por los delitos de tentativa de homicidio calificado con alevos\u00eda y ventaja, ataques contra la autoridad y asociaci\u00f3n delictuosa, derivados de los hechos ocurridos el pasado 7 de enero en el sur de Hermosillo.<\/p>\n\n\n\n<p>Entre las 10:53 y las 11:08 horas, agentes de la Polic\u00eda Estatal de Seguridad P\u00fablica (PESP) y de la Polic\u00eda Municipal de Hermosillo atendieron un reporte sobre personas armadas a bordo de un veh\u00edculo; al localizar el autom\u00f3vil, los tripulantes intentaron escapar, dando inicio a una persecuci\u00f3n que culmin\u00f3 en el kil\u00f3metro 248 de la carretera internacional Hermosillo-Guaymas.<\/p>\n\n\n\n<p>Durante la persecuci\u00f3n, los imputados, en compa\u00f1\u00eda de Carlos Augusto \u201cN\u201d, accionaron armas de fuego de alto calibre contra los agentes, quienes repelieron la agresi\u00f3n, neutralizando a Carlos Augusto \u201cN\u201d y logrando la captura de Daniel Alexis \u201cN\u201d y \u00c1lvaro \u201cN\u201d.<\/p>\n\n\n\n<p>En el sitio, se asegur\u00f3 el veh\u00edculo, que se hab\u00eda incendiado, as\u00ed como las armas utilizadas por los agresores. La actuaci\u00f3n inmediata y coordinada de las autoridades evit\u00f3 da\u00f1os mayores y garantiz\u00f3 la seguridad de los agentes y la poblaci\u00f3n en general.<\/p>\n\n\n\n<p>En la audiencia inicial, el Juez calific\u00f3 de legal la detenci\u00f3n, se formul\u00f3 la imputaci\u00f3n por los delitos mencionados y se dict\u00f3 prisi\u00f3n preventiva justificada como medida cautelar; la defensa solicit\u00f3 la ampliaci\u00f3n del t\u00e9rmino constitucional para la resoluci\u00f3n a la vinculaci\u00f3n a proceso.<\/p>\n\n\n\n<p>Por otra parte las investigaciones contin\u00faan favorablemente, respecto a otros graves hechos delictivos en los que se encuentra relacionada esta c\u00e9lula delictiva que operaba en Hermosillo, en pr\u00f3ximos d\u00edas se informar\u00e1 de los avances en las indagatorias.<\/p>\n\n\n\n<p>La Fiscal\u00eda General de Justicia del Estado de Sonora (FGJES) reafirma su compromiso con la justicia, la transparencia y la seguridad p\u00fablica, destacando la importancia de actuar con firmeza en la investigaci\u00f3n y persecuci\u00f3n de delitos graves que atenten contra la integridad de los agentes de seguridad y la tranquilidad de la ciudadan\u00eda.<\/p>\n","protected":false},"excerpt":{"rendered":"<p>Hermosillo, Sonora, 13 de enero de 2025.- La Fiscal\u00eda General de Justicia del Estado de Sonora (FGJES) obtuvo la imputaci\u00f3n contra Daniel Alexis \u201cN\u201d y \u00c1lvaro \u201cN\u201d, por los delitos de tentativa de homicidio calificado con alevos\u00eda y ventaja, ataques contra la autoridad y asociaci\u00f3n delictuosa, derivados de los hechos ocurridos el pasado 7 de [&hellip;]<\/p>\n","protected":false},"author":2,"featured_media":205527,"comment_status":"closed","ping_status":"closed","sticky":false,"template":"","format":"standard","meta":{"footnotes":""},"categories":[178],"tags":[],"class_list":["post-205526","post","type-post","status-publish","format-standard","has-post-thumbnail","hentry","category-local"],"jetpack_featured_media_url":"https:\/\/rnoticias.com.mx\/Portal\/wp-content\/uploads\/2025\/01\/bc7fa71f-df3e-45d4-9e23-8fa7b3ad799d.jpg","amp_enabled":true,"_links":{"self":[{"href":"https:\/\/rnoticias.com.mx\/Portal\/wp-json\/wp\/v2\/posts\/205526","targetHints":{"allow":["GET"]}}],"collection":[{"href":"https:\/\/rnoticias.com.mx\/Portal\/wp-json\/wp\/v2\/posts"}],"about":[{"href":"https:\/\/rnoticias.com.mx\/Portal\/wp-json\/wp\/v2\/types\/post"}],"author":[{"embeddable":true,"href":"https:\/\/rnoticias.com.mx\/Portal\/wp-json\/wp\/v2\/users\/2"}],"replies":[{"embeddable":true,"href":"https:\/\/rnoticias.com.mx\/Portal\/wp-json\/wp\/v2\/comments?post=205526"}],"version-history":[{"count":1,"href":"https:\/\/rnoticias.com.mx\/Portal\/wp-json\/wp\/v2\/posts\/205526\/revisions"}],"predecessor-version":[{"id":205528,"href":"https:\/\/rnoticias.com.mx\/Portal\/wp-json\/wp\/v2\/posts\/205526\/revisions\/205528"}],"wp:featuredmedia":[{"embeddable":true,"href":"https:\/\/rnoticias.com.mx\/Portal\/wp-json\/wp\/v2\/media\/205527"}],"wp:attachment":[{"href":"https:\/\/rnoticias.com.mx\/Portal\/wp-json\/wp\/v2\/media?parent=205526"}],"wp:term":[{"taxonomy":"category","embeddable":true,"href":"https:\/\/rnoticias.com.mx\/Portal\/wp-json\/wp\/v2\/categories?post=205526"},{"taxonomy":"post_tag","embeddable":true,"href":"https:\/\/rnoticias.com.mx\/Portal\/wp-json\/wp\/v2\/tags?post=205526"}],"curies":[{"name":"wp","href":"https:\/\/api.w.org\/{rel}","templated":true}]}}