{"id":205448,"date":"2025-01-13T04:59:16","date_gmt":"2025-01-13T04:59:16","guid":{"rendered":"https:\/\/rnoticias.com.mx\/Portal\/?p=205448"},"modified":"2025-01-13T04:59:17","modified_gmt":"2025-01-13T04:59:17","slug":"mantiene-ayuntamiento-de-hermosillo-acciones-de-resguardo-a-poblacion-vulnerable-por-frente-frio","status":"publish","type":"post","link":"https:\/\/rnoticias.com.mx\/Portal\/2025\/01\/13\/mantiene-ayuntamiento-de-hermosillo-acciones-de-resguardo-a-poblacion-vulnerable-por-frente-frio\/","title":{"rendered":"Mantiene Ayuntamiento de Hermosillo acciones de resguardo a poblaci\u00f3n vulnerable por frente fr\u00edo"},"content":{"rendered":"\n<p><\/p>\n\n\n\n<p>Hermosillo Sonora, 12 de enero, 2025.- Personal de varias dependencias del Ayuntamiento de Hermosillo mantendr\u00e1n las acciones para resguardar a personas en situaci\u00f3n vulnerable, ante las bajas temperaturas que se registran en la ciudad.<\/p>\n\n\n\n<p>El director de Participaci\u00f3n Ciudadana, Daniel Garc\u00eda Escalante, inform\u00f3 que la madrugada de este lunes se pronostica una m\u00ednima de 4 grados cent\u00edgrados, por lo que continuar\u00e1n con los recorridos para invitar a personas en situaci\u00f3n de calle a resguardarse en los albergues temporales que se tienen para ellas.<\/p>\n\n\n\n<p>\u201cComo se ha hecho desde el pasado martes, a partir de las siete de la tarde inician los recorridos por diferentes puntos de la ciudad, plazas y hospitales p\u00fablicos para hacer la invitaci\u00f3n de acudir o ser llevados al h\u00e1bitat Caf\u00e9 Combate, al Solidaridad I, al del poblado Miguel Alem\u00e1n, o en la escuela secundaria, en Bah\u00eda de Kino.<\/p>\n\n\n\n<p>El funcionario coment\u00f3 que la noche de s\u00e1bado a domingo fueron albergadas diez personas en el H\u00e1bitat Caf\u00e9 Combate, ninguna en Solidaridad I y 13 en Miguel Alem\u00e1n.<\/p>\n\n\n\n<p>Dichas acciones se realizan el conjunto por personal de Participaci\u00f3n Ciudadana, Protecci\u00f3n Civil, Bomberos y Seguridad P\u00fablica de Hermosillo.<\/p>\n\n\n\n<p>Debido al ingreso del frente fr\u00edo n\u00famero 22, adem\u00e1s de bajas temperaturas, es posible que se presenten vientos fuertes, por lo que en ese caso se recomienda no tirar colillas de cigarro encendidas o cerillos; procurar mantener limpios de maleza los alrededores de las viviendas; evitar salir de casa, no conducir si no es necesario; as\u00ed como retirar l\u00e1minas y objetos peligrosos que pudieran caer de techos o balcones.<\/p>\n\n\n\n<p>Tambi\u00e9n se recomienda no realizar fogatas; extremar precauci\u00f3n al conducir con baja visibilidad; y ante cualquier emergencia llamar al n\u00famero 911.<\/p>\n","protected":false},"excerpt":{"rendered":"<p>Hermosillo Sonora, 12 de enero, 2025.- Personal de varias dependencias del Ayuntamiento de Hermosillo mantendr\u00e1n las acciones para resguardar a personas en situaci\u00f3n vulnerable, ante las bajas temperaturas que se registran en la ciudad. El director de Participaci\u00f3n Ciudadana, Daniel Garc\u00eda Escalante, inform\u00f3 que la madrugada de este lunes se pronostica una m\u00ednima de 4 [&hellip;]<\/p>\n","protected":false},"author":2,"featured_media":205484,"comment_status":"closed","ping_status":"closed","sticky":false,"template":"","format":"standard","meta":{"footnotes":""},"categories":[178],"tags":[],"class_list":["post-205448","post","type-post","status-publish","format-standard","has-post-thumbnail","hentry","category-local"],"jetpack_featured_media_url":"https:\/\/rnoticias.com.mx\/Portal\/wp-content\/uploads\/2025\/01\/f03f2e0b-8a84-4da4-a157-844d8ccab2bc.jpg","amp_enabled":true,"_links":{"self":[{"href":"https:\/\/rnoticias.com.mx\/Portal\/wp-json\/wp\/v2\/posts\/205448","targetHints":{"allow":["GET"]}}],"collection":[{"href":"https:\/\/rnoticias.com.mx\/Portal\/wp-json\/wp\/v2\/posts"}],"about":[{"href":"https:\/\/rnoticias.com.mx\/Portal\/wp-json\/wp\/v2\/types\/post"}],"author":[{"embeddable":true,"href":"https:\/\/rnoticias.com.mx\/Portal\/wp-json\/wp\/v2\/users\/2"}],"replies":[{"embeddable":true,"href":"https:\/\/rnoticias.com.mx\/Portal\/wp-json\/wp\/v2\/comments?post=205448"}],"version-history":[{"count":1,"href":"https:\/\/rnoticias.com.mx\/Portal\/wp-json\/wp\/v2\/posts\/205448\/revisions"}],"predecessor-version":[{"id":205485,"href":"https:\/\/rnoticias.com.mx\/Portal\/wp-json\/wp\/v2\/posts\/205448\/revisions\/205485"}],"wp:featuredmedia":[{"embeddable":true,"href":"https:\/\/rnoticias.com.mx\/Portal\/wp-json\/wp\/v2\/media\/205484"}],"wp:attachment":[{"href":"https:\/\/rnoticias.com.mx\/Portal\/wp-json\/wp\/v2\/media?parent=205448"}],"wp:term":[{"taxonomy":"category","embeddable":true,"href":"https:\/\/rnoticias.com.mx\/Portal\/wp-json\/wp\/v2\/categories?post=205448"},{"taxonomy":"post_tag","embeddable":true,"href":"https:\/\/rnoticias.com.mx\/Portal\/wp-json\/wp\/v2\/tags?post=205448"}],"curies":[{"name":"wp","href":"https:\/\/api.w.org\/{rel}","templated":true}]}}