{"id":205417,"date":"2025-01-13T04:51:18","date_gmt":"2025-01-13T04:51:18","guid":{"rendered":"https:\/\/rnoticias.com.mx\/Portal\/?p=205417"},"modified":"2025-01-13T04:51:19","modified_gmt":"2025-01-13T04:51:19","slug":"gobernador-durazo-fortalece-la-seguridad-de-la-entidad-con-protocolo-fronterizo-entre-sonora-y-e-u","status":"publish","type":"post","link":"https:\/\/rnoticias.com.mx\/Portal\/2025\/01\/13\/gobernador-durazo-fortalece-la-seguridad-de-la-entidad-con-protocolo-fronterizo-entre-sonora-y-e-u\/","title":{"rendered":"Gobernador Durazo fortalece la seguridad de la entidad con protocolo fronterizo entre Sonora y E.U."},"content":{"rendered":"\n<p><\/p>\n\n\n\n<p>Hermosillo, Sonora; 12 de enero de 2025.- Con las acciones operativas del protocolo fronterizo, que tiene 97 d\u00edas de trabajo entre las autoridades de seguridad en Sonora y Estados Unidos, se han logrado establecer actividades preventivas, de rescate de personas, as\u00ed como reforzar la seguridad de ambos pa\u00edses con la aprehensi\u00f3n de quienes delinquen.<\/p>\n\n\n\n<p>La Secretar\u00eda de Seguridad P\u00fablica (SSP), a trav\u00e9s de los grupos operativos de la Polic\u00eda Estatal de Seguridad P\u00fablica (PESP) y en coordinaci\u00f3n con la patrulla fronteriza del vecino pa\u00eds, han colaborado en m\u00e1s de 150 patrullajes por la zona urbana y rural.<\/p>\n\n\n\n<p>En esta intervenci\u00f3n han destruido 18 puntos de observaci\u00f3n y aseguraron arma de fuego, cartuchos, equipo de comunicaci\u00f3n, entre otros art\u00edculos localizados principalmente en los recorridos a pie tierra cercanos a la l\u00ednea fronteriza.<\/p>\n\n\n\n<p>Tambi\u00e9n han participado en rescate humanitario de migrantes que se han localizado en la zona, asimismo en inspecciones por caminos de dif\u00edcil acceso, puentes y rutas donde se pudieran generar acciones delictivas.<\/p>\n\n\n\n<p>El Gobierno de Sonora refrenda el compromiso de proteger el territorio estatal, colaborando con las autoridades de seguridad de los tres niveles y las polic\u00edas internacionales del pa\u00eds vecino para fortalecer la seguridad de ambas naciones.<\/p>\n","protected":false},"excerpt":{"rendered":"<p>Hermosillo, Sonora; 12 de enero de 2025.- Con las acciones operativas del protocolo fronterizo, que tiene 97 d\u00edas de trabajo entre las autoridades de seguridad en Sonora y Estados Unidos, se han logrado establecer actividades preventivas, de rescate de personas, as\u00ed como reforzar la seguridad de ambos pa\u00edses con la aprehensi\u00f3n de quienes delinquen. La [&hellip;]<\/p>\n","protected":false},"author":2,"featured_media":205446,"comment_status":"closed","ping_status":"closed","sticky":false,"template":"","format":"standard","meta":{"footnotes":""},"categories":[174],"tags":[],"class_list":["post-205417","post","type-post","status-publish","format-standard","has-post-thumbnail","hentry","category-estatal"],"jetpack_featured_media_url":"https:\/\/rnoticias.com.mx\/Portal\/wp-content\/uploads\/2025\/01\/unnamed-1.jpg","amp_enabled":true,"_links":{"self":[{"href":"https:\/\/rnoticias.com.mx\/Portal\/wp-json\/wp\/v2\/posts\/205417","targetHints":{"allow":["GET"]}}],"collection":[{"href":"https:\/\/rnoticias.com.mx\/Portal\/wp-json\/wp\/v2\/posts"}],"about":[{"href":"https:\/\/rnoticias.com.mx\/Portal\/wp-json\/wp\/v2\/types\/post"}],"author":[{"embeddable":true,"href":"https:\/\/rnoticias.com.mx\/Portal\/wp-json\/wp\/v2\/users\/2"}],"replies":[{"embeddable":true,"href":"https:\/\/rnoticias.com.mx\/Portal\/wp-json\/wp\/v2\/comments?post=205417"}],"version-history":[{"count":1,"href":"https:\/\/rnoticias.com.mx\/Portal\/wp-json\/wp\/v2\/posts\/205417\/revisions"}],"predecessor-version":[{"id":205447,"href":"https:\/\/rnoticias.com.mx\/Portal\/wp-json\/wp\/v2\/posts\/205417\/revisions\/205447"}],"wp:featuredmedia":[{"embeddable":true,"href":"https:\/\/rnoticias.com.mx\/Portal\/wp-json\/wp\/v2\/media\/205446"}],"wp:attachment":[{"href":"https:\/\/rnoticias.com.mx\/Portal\/wp-json\/wp\/v2\/media?parent=205417"}],"wp:term":[{"taxonomy":"category","embeddable":true,"href":"https:\/\/rnoticias.com.mx\/Portal\/wp-json\/wp\/v2\/categories?post=205417"},{"taxonomy":"post_tag","embeddable":true,"href":"https:\/\/rnoticias.com.mx\/Portal\/wp-json\/wp\/v2\/tags?post=205417"}],"curies":[{"name":"wp","href":"https:\/\/api.w.org\/{rel}","templated":true}]}}