{"id":136973,"date":"2021-05-19T07:42:57","date_gmt":"2021-05-19T07:42:57","guid":{"rendered":"https:\/\/rnoticias.com.mx\/Portal\/2021\/05\/19\/arranca-nuevo-ciclo-de-capacitaciones-la-policia-turistica-de-hermosillo\/"},"modified":"2021-05-19T07:42:57","modified_gmt":"2021-05-19T07:42:57","slug":"arranca-nuevo-ciclo-de-capacitaciones-la-policia-turistica-de-hermosillo","status":"publish","type":"post","link":"https:\/\/rnoticias.com.mx\/Portal\/2021\/05\/19\/arranca-nuevo-ciclo-de-capacitaciones-la-policia-turistica-de-hermosillo\/","title":{"rendered":"Arranca nuevo ciclo de capacitaciones la Policia Turistica de Hermosillo"},"content":{"rendered":"<p style=\"color: #222222;font-family: Arial, Helvetica, sans-serif;font-size: small\"><strong>Hermosillo, Sonora; Mayo 19 de 2021.-&nbsp;<\/strong>Los 11 agentes de la Polic&iacute;a Preventiva y Tr&aacute;nsito Municipal que conforman un grupo especial como polic&iacute;as tur&iacute;sticos iniciaron este martes un segundo ciclo de capacitaciones, con miras a fortalecer sus funciones en materia de seguridad en las zonas hoteleras y buena atenci&oacute;n a los visitantes nacionales y extranjeros que acuden a disfrutar los atractivos de esta capital.<\/p>\n<p style=\"color: #222222;font-family: Arial, Helvetica, sans-serif;font-size: small\">&nbsp;<\/p>\n<p style=\"color: #222222;font-family: Arial, Helvetica, sans-serif;font-size: small\">&ldquo;La labor de ellos es de atenci&oacute;n al turismo local, se atienden diferentes fechas en el a&ntilde;o en las que se le da una mayor atenci&oacute;n al turismo, como Semana Santa y Diciembre, cuando ingresan ciudadanos norteamericanos que vienen a la ciudad y por eso estos elementos llevan esos cursos&rdquo;, explic&oacute; Jes&uacute;s Alonso Dur&oacute;n Monta&ntilde;o, Supervisor General de la corporaci&oacute;n.<\/p>\n<p style=\"color: #222222;font-family: Arial, Helvetica, sans-serif;font-size: small\">&nbsp;<\/p>\n<p style=\"color: #222222;font-family: Arial, Helvetica, sans-serif;font-size: small\">El segundo ciclo de cursos arranc&oacute; este 18 de mayo con el tema &ldquo;Productos Tur&iacute;sticos&rdquo;, a cargo de Ivonne Elena Quintero Molina, presidenta de la Asociaci&oacute;n de Gu&iacute;as y Anfitriones Tur&iacute;sticos del Estado de Sonora.<\/p>\n<p style=\"color: #222222;font-family: Arial, Helvetica, sans-serif;font-size: small\">&nbsp;<\/p>\n<p style=\"color: #222222;font-family: Arial, Helvetica, sans-serif;font-size: small\">Por su parte, Alberto Hern&aacute;ndez Taddey, Director de Fomento Econ&oacute;mico y Tur&iacute;stico, mencion&oacute; que hasta septiembre que concluya esta segunda fase se capacitar&aacute;n tambi&eacute;n sobre otros temas.<\/p>\n","protected":false},"excerpt":{"rendered":"<p>Arranca nuevo ciclo de capacitaciones la Policia Turistica de Hermosillo<\/p>\n","protected":false},"author":1,"featured_media":136974,"comment_status":"","ping_status":"","sticky":false,"template":"","format":"standard","meta":{"footnotes":""},"categories":[178],"tags":[5722],"class_list":["post-136973","post","type-post","status-publish","format-standard","has-post-thumbnail","hentry","category-local","tag-policia-hmo"],"jetpack_featured_media_url":"https:\/\/rnoticias.com.mx\/Portal\/wp-content\/uploads\/2021\/05\/1621435377_Capacitaci\u00f3nPolic\u00edaTur\u00edstica(3).jpeg","amp_enabled":true,"_links":{"self":[{"href":"https:\/\/rnoticias.com.mx\/Portal\/wp-json\/wp\/v2\/posts\/136973","targetHints":{"allow":["GET"]}}],"collection":[{"href":"https:\/\/rnoticias.com.mx\/Portal\/wp-json\/wp\/v2\/posts"}],"about":[{"href":"https:\/\/rnoticias.com.mx\/Portal\/wp-json\/wp\/v2\/types\/post"}],"author":[{"embeddable":true,"href":"https:\/\/rnoticias.com.mx\/Portal\/wp-json\/wp\/v2\/users\/1"}],"replies":[{"embeddable":true,"href":"https:\/\/rnoticias.com.mx\/Portal\/wp-json\/wp\/v2\/comments?post=136973"}],"version-history":[{"count":0,"href":"https:\/\/rnoticias.com.mx\/Portal\/wp-json\/wp\/v2\/posts\/136973\/revisions"}],"wp:featuredmedia":[{"embeddable":true,"href":"https:\/\/rnoticias.com.mx\/Portal\/wp-json\/wp\/v2\/media\/136974"}],"wp:attachment":[{"href":"https:\/\/rnoticias.com.mx\/Portal\/wp-json\/wp\/v2\/media?parent=136973"}],"wp:term":[{"taxonomy":"category","embeddable":true,"href":"https:\/\/rnoticias.com.mx\/Portal\/wp-json\/wp\/v2\/categories?post=136973"},{"taxonomy":"post_tag","embeddable":true,"href":"https:\/\/rnoticias.com.mx\/Portal\/wp-json\/wp\/v2\/tags?post=136973"}],"curies":[{"name":"wp","href":"https:\/\/api.w.org\/{rel}","templated":true}]}}