{"id":131318,"date":"2021-09-24T05:57:20","date_gmt":"2021-09-24T05:57:20","guid":{"rendered":"https:\/\/rnoticias.com.mx\/Portal\/2021\/09\/24\/toma-protesta-tono-astiazaran-a-directora-de-alumbrado-publico\/"},"modified":"2021-09-24T05:57:20","modified_gmt":"2021-09-24T05:57:20","slug":"toma-protesta-tono-astiazaran-a-directora-de-alumbrado-publico","status":"publish","type":"post","link":"https:\/\/rnoticias.com.mx\/Portal\/2021\/09\/24\/toma-protesta-tono-astiazaran-a-directora-de-alumbrado-publico\/","title":{"rendered":"Toma protesta Tono Astiazaran a directora de Alumbrado Publico"},"content":{"rendered":"<p style=\"color: #222222;font-family: Arial, Helvetica, sans-serif;font-size: small\"><strong>Hermosillo, Sonora, 24 de septiembre de 2021.-<\/strong>&nbsp;El presidente municipal, Antonio Astiazar&aacute;n Guti&eacute;rrez, tom&oacute; protesta a Carla Neudert C&oacute;rdova como directora de Alumbrado P&uacute;blico, junto a los integrantes de la Junta de Gobierno 2021- 2024 de la paramunicipal.<\/p>\n<p style=\"color: #222222;font-family: Arial, Helvetica, sans-serif;font-size: small\">&nbsp;<\/p>\n<p style=\"color: #222222;font-family: Arial, Helvetica, sans-serif;font-size: small\">&ldquo;Queremos operar uno de los programas medulares que vamos a impulsar como administraci&oacute;n municipal, que tiene que ver con la eficiencia energ&eacute;tica y la generaci&oacute;n de energ&iacute;a renovable&rdquo;, expres&oacute;.<\/p>\n<p style=\"color: #222222;font-family: Arial, Helvetica, sans-serif;font-size: small\">&nbsp;<\/p>\n<p style=\"color: #222222;font-family: Arial, Helvetica, sans-serif;font-size: small\">Astiazar&aacute;n Guti&eacute;rrez coment&oacute; que trabajar&aacute;n en conjunto con la Comisi&oacute;n Federal de Electricidad (CFE) para la instalaci&oacute;n de paneles solares en viviendas y negocios para lograr que la gente pague menos por la luz, entre otros beneficios.<\/p>\n<p style=\"color: #222222;font-family: Arial, Helvetica, sans-serif;font-size: small\">&nbsp;<\/p>\n<p style=\"color: #222222;font-family: Arial, Helvetica, sans-serif;font-size: small\">Por su parte, Neudert C&oacute;rdova explic&oacute; que se trabaja en la conformaci&oacute;n de la Agencia Municipal de Energ&iacute;a y Cambio Clim&aacute;tico para dar dicho enfoque, sin dejar de lado la funci&oacute;n primordial, que es operar el Alumbrado P&uacute;blico.<\/p>\n<p style=\"color: #222222;font-family: Arial, Helvetica, sans-serif;font-size: small\">&nbsp;<\/p>\n<p style=\"color: #222222;font-family: Arial, Helvetica, sans-serif;font-size: small\">&ldquo;En ning&uacute;n momento vamos a descuidar o quitarle prioridad al alumbrado, va a ser nuestro principal objetivo, lograr una eficiencia superior al 95 por ciento, dar atenci&oacute;n a la gente en menos de 48 horas y dar mantenimiento a las unidades&rdquo;, manifest&oacute;.<\/p>\n<p style=\"color: #222222;font-family: Arial, Helvetica, sans-serif;font-size: small\">&nbsp;<\/p>\n<p style=\"color: #222222;font-family: Arial, Helvetica, sans-serif;font-size: small\">Precis&oacute; que expandir&aacute;n sus labores m&aacute;s all&aacute; del alumbrado p&uacute;blico al entrar a los edificios p&uacute;blicos, al Organismo Operador de Agua y a otros, para ayudarlos a ser m&aacute;s eficientes en el consumo de su energ&iacute;a y bajar su facturaci&oacute;n para que los recursos se vayan a m&aacute;s programas sociales y de infraestructura.<\/p>\n<p style=\"color: #222222;font-family: Arial, Helvetica, sans-serif;font-size: small\">&nbsp;<\/p>\n<p style=\"color: #222222;font-family: Arial, Helvetica, sans-serif;font-size: small\">Traemos objetivos ambiciosos de bajar el primer a&ntilde;o por lo menos el 10 por ciento de la facturaci&oacute;n total que traemos los organismos de agua y los edificios p&uacute;blicos, dijo, que son aproximadamente 40 millones de pesos.<\/p>\n<p style=\"color: #222222;font-family: Arial, Helvetica, sans-serif;font-size: small\">&nbsp;<\/p>\n<p style=\"color: #222222;font-family: Arial, Helvetica, sans-serif;font-size: small\">A pocas horas de rendir protesta, la directora de Alumbrado P&uacute;blico, junto con el regidor presidente de la comisi&oacute;n de Servicios P&uacute;blicos, Ren&eacute; Garc&iacute;a, recorri&oacute; seis sectores de la ciudad para verificar algunos reportes de fallas en el servicio, que al momento trae una eficiencia de 84 por ciento.<\/p>\n<p style=\"color: #222222;font-family: Arial, Helvetica, sans-serif;font-size: small\">&nbsp;<\/p>\n<p style=\"color: #222222;font-family: Arial, Helvetica, sans-serif;font-size: small\">Mencion&oacute; que la colonia Villa Verde no tiene alumbrado en su totalidad, debido a que la constructora no la ha entregado al Municipio, por lo cual legalmente no se le puede invertir ni realizar acciones en el lugar y que as&iacute; existen otras colonias, pero asegur&oacute; que buscar&aacute;n la soluci&oacute;n, ya que, dijo, los ciudadanos no tienen la culpa.<\/p>\n<p style=\"color: #222222;font-family: Arial, Helvetica, sans-serif;font-size: small\">&nbsp;<\/p>\n<p style=\"color: #222222;font-family: Arial, Helvetica, sans-serif;font-size: small\">Los integrantes de la Junta de Gobierno de Alumbrado P&uacute;blico de la administraci&oacute;n 2021-2024 son, adem&aacute;s del presidente municipal, los vocales Flor Ayala Robles Linares, tesorera municipal; Jos&eacute; Carrillo Atondo, director de IMPLAN; Manuel Emilio Hoyos D&iacute;az, comisario general de Seguridad P&uacute;blica Municipal; y Jos&eacute; Ram&oacute;n Miranda V&eacute;jar, presidente del Consejo Consultivo de Alumbrado P&uacute;blico.<\/p>\n<p style=\"color: #222222;font-family: Arial, Helvetica, sans-serif;font-size: small\">&nbsp;<\/p>\n<p style=\"color: #222222;font-family: Arial, Helvetica, sans-serif;font-size: small\">Los acompa&ntilde;aron Daniel Dur&aacute;n Puente, jefe de la Oficina de Presidencia; Irma Laura Murillo Lozoya, Contralora Municipal; Hugo Alberto Niebla, Gerente de Servicios B&aacute;sicos de CFE; y la anterior directora de Alumbrado P&uacute;blico, Soraida Mesinas Reyes.<\/p>\n","protected":false},"excerpt":{"rendered":"<p>Toma protesta Tono Astiazaran a directora de Alumbrado Publico<\/p>\n","protected":false},"author":1,"featured_media":131319,"comment_status":"","ping_status":"","sticky":false,"template":"","format":"standard","meta":{"footnotes":""},"categories":[178],"tags":[5949],"class_list":["post-131318","post","type-post","status-publish","format-standard","has-post-thumbnail","hentry","category-local","tag-ayto-hermosillo-21-24"],"jetpack_featured_media_url":"https:\/\/rnoticias.com.mx\/Portal\/wp-content\/uploads\/2021\/09\/1632488240_TomaprotestaTo\u00f1oAstiazar\u00e1nadirectoradeAlumbradoP\u00fablico(2).jpg","amp_enabled":true,"_links":{"self":[{"href":"https:\/\/rnoticias.com.mx\/Portal\/wp-json\/wp\/v2\/posts\/131318","targetHints":{"allow":["GET"]}}],"collection":[{"href":"https:\/\/rnoticias.com.mx\/Portal\/wp-json\/wp\/v2\/posts"}],"about":[{"href":"https:\/\/rnoticias.com.mx\/Portal\/wp-json\/wp\/v2\/types\/post"}],"author":[{"embeddable":true,"href":"https:\/\/rnoticias.com.mx\/Portal\/wp-json\/wp\/v2\/users\/1"}],"replies":[{"embeddable":true,"href":"https:\/\/rnoticias.com.mx\/Portal\/wp-json\/wp\/v2\/comments?post=131318"}],"version-history":[{"count":0,"href":"https:\/\/rnoticias.com.mx\/Portal\/wp-json\/wp\/v2\/posts\/131318\/revisions"}],"wp:featuredmedia":[{"embeddable":true,"href":"https:\/\/rnoticias.com.mx\/Portal\/wp-json\/wp\/v2\/media\/131319"}],"wp:attachment":[{"href":"https:\/\/rnoticias.com.mx\/Portal\/wp-json\/wp\/v2\/media?parent=131318"}],"wp:term":[{"taxonomy":"category","embeddable":true,"href":"https:\/\/rnoticias.com.mx\/Portal\/wp-json\/wp\/v2\/categories?post=131318"},{"taxonomy":"post_tag","embeddable":true,"href":"https:\/\/rnoticias.com.mx\/Portal\/wp-json\/wp\/v2\/tags?post=131318"}],"curies":[{"name":"wp","href":"https:\/\/api.w.org\/{rel}","templated":true}]}}